{"id":2859,"date":"2017-03-01T00:40:21","date_gmt":"2017-02-28T23:40:21","guid":{"rendered":"http:\/\/www.les3mousquetons.net\/?p=2859"},"modified":"2017-03-01T00:40:21","modified_gmt":"2017-02-28T23:40:21","slug":"camille-bronze-championnat-de-france-jeune-bloc","status":"publish","type":"post","link":"https:\/\/www.les3mousquetons.net\/?p=2859","title":{"rendered":"Camille en bronze au championnat de France jeune bloc"},"content":{"rendered":"<p class=\"ox-69264beb14-MsoNormal\">Apr\u00e8s un long trajet, Camille est arriv\u00e9e \u00e0 Brest le samedi pour voir les finales des cadets et juniors, histoire de se mettre dans l\u2019ambiance.<\/p>\n<p class=\"ox-69264beb14-MsoNormal\">Les blocs ont l\u2019air durs&nbsp;<wbr>! Apr\u00e8s un diner avec les copains occitans, diner breton \u00e9videment (galette et cr\u00eape), une bonne et longue nuit pour se remettre des 900 km de trajet.<\/p>\n<p class=\"ox-69264beb14-MsoNormal\">&nbsp;<\/p>\n<p class=\"ox-69264beb14-MsoNormal\">Le dimanche Camille passe les qualifications le matin avec une petite baisse de forme en milieu de parcours o\u00f9 3 des 8 blocs lui r\u00e9sistent. L\u2019ouverture est vari\u00e9e, il y en a pour tout le monde&nbsp;<wbr>: de la dalle, du toit, du r\u00e9ta, du stake, du jet\u00e9, de la compression \u2026 de plats en arqu\u00e9s, tout y passe&nbsp;<wbr>!<\/p>\n<p class=\"ox-69264beb14-MsoNormal\">Dure \u00e9preuve nerveuse pour son coach Mathieu Gallot Lavall\u00e9e qui renouvelle ses encouragements et adapte les conseils et les m\u00e9thodes propos\u00e9es. Il reste en soutien, tr\u00e8s vigilant \u00e0 la progression de Camille. Elle finit par passer les 8 blocs, dont deux sur la derni\u00e8re chance, au 5<sup>\u00e8me<\/sup> essai.<\/p>\n<p class=\"ox-69264beb14-MsoNormal\">Elles ne sont que 3 minimes filles \u00e0 r\u00e9ussir le carton plein et donc elle est qualifi\u00e9e pour les finales qui ont lieu 1h30 apr\u00e8s.<\/p>\n<p class=\"ox-69264beb14-MsoNormal\">&nbsp;<\/p>\n<p class=\"ox-69264beb14-MsoNormal\">En finale, elle passe le premier bloc au 4<sup>\u00e8me<\/sup> essai, elles sont 3 sur les 6 finalistes \u00e0 le sortir.<\/p>\n<p class=\"ox-69264beb14-MsoNormal\">Le deuxi\u00e8me bloc r\u00e9sistera \u00e0 tous les assauts de toutes les finalistes et ironie de la finale&nbsp;<wbr>: deux comp\u00e9titrices n\u2019atteindront pas la zone&nbsp;<wbr>: la championne de France 2017 Luce Douadi et la vice-championne de France 2017 Sol\u00e8ne Moreau&nbsp;<wbr>!!! &nbsp;<wbr>Preuve est faite qu\u2019une comp\u00e9tition n\u2019est pas termin\u00e9e tant que tous les 4 minutes d\u2018essais de tous les blocs ne sont pas pass\u00e9s&nbsp;<wbr>!<\/p>\n<p class=\"ox-69264beb14-MsoNormal\">Le dernier bloc de la finale ne sera sorti que par Luce. Camille comme Sol\u00e8ne et Naile, son amie de Chamb\u00e9ry, n\u00b01 fran\u00e7aise et concurrente ce jour, n\u2019arriveront pas \u00e0 se stabiliser sur la prise finale.<\/p>\n<p class=\"ox-69264beb14-MsoNormal\">&nbsp;<\/p>\n<p class=\"ox-69264beb14-MsoNormal\">Camille finit donc le championnat sur le podium \u00e0 la troisi\u00e8me marche, contente de son r\u00e9sultat&nbsp;<wbr>!<\/p>\n<p class=\"ox-69264beb14-MsoNormal\">Le retour fut long (arriv\u00e9e \u00e0 1h30 sur Fonsorbes lundi matin) mais avec le sourire et motiv\u00e9e pour la saison de difficult\u00e9 qui commence\u2026 dans 15 jours.<\/p>\n<p class=\"ox-69264beb14-MsoNormal\">&nbsp;<\/p>\n<p class=\"ox-69264beb14-MsoNormal\">Bravo Camille<\/p>\n<p class=\"ox-69264beb14-MsoNormal\">&nbsp;<a href=\"http:\/\/www.les3mousquetons.net\/banniere\/camille-bronze-championnat-de-france-jeune-bloc\/attachment\/b2\" rel=\"attachment wp-att-2869\"><img loading=\"lazy\" decoding=\"async\" class=\"aligncenter size-full wp-image-2869\" src=\"http:\/\/www.les3mousquetons.net\/wp-content\/uploads\/2017\/03\/B2.jpg\" alt=\"\" height=\"684\" width=\"1024\" srcset=\"https:\/\/www.les3mousquetons.net\/wp-content\/uploads\/2017\/03\/B2.jpg 1024w, https:\/\/www.les3mousquetons.net\/wp-content\/uploads\/2017\/03\/B2-300x200.jpg 300w, https:\/\/www.les3mousquetons.net\/wp-content\/uploads\/2017\/03\/B2-768x513.jpg 768w, https:\/\/www.les3mousquetons.net\/wp-content\/uploads\/2017\/03\/B2-140x94.jpg 140w\" sizes=\"(max-width: 1024px) 100vw, 1024px\" \/><\/a> <a href=\"http:\/\/www.les3mousquetons.net\/banniere\/camille-bronze-championnat-de-france-jeune-bloc\/attachment\/b3\" rel=\"attachment wp-att-2870\"><img loading=\"lazy\" decoding=\"async\" class=\"aligncenter size-full wp-image-2870\" src=\"http:\/\/www.les3mousquetons.net\/wp-content\/uploads\/2017\/03\/B3.jpg\" alt=\"\" height=\"684\" width=\"1024\" srcset=\"https:\/\/www.les3mousquetons.net\/wp-content\/uploads\/2017\/03\/B3.jpg 1024w, https:\/\/www.les3mousquetons.net\/wp-content\/uploads\/2017\/03\/B3-300x200.jpg 300w, https:\/\/www.les3mousquetons.net\/wp-content\/uploads\/2017\/03\/B3-768x513.jpg 768w, https:\/\/www.les3mousquetons.net\/wp-content\/uploads\/2017\/03\/B3-140x94.jpg 140w\" sizes=\"(max-width: 1024px) 100vw, 1024px\" \/><\/a> <a href=\"http:\/\/www.les3mousquetons.net\/banniere\/camille-bronze-championnat-de-france-jeune-bloc\/attachment\/podium\" rel=\"attachment wp-att-2871\"><img loading=\"lazy\" decoding=\"async\" class=\"aligncenter size-full wp-image-2871\" src=\"http:\/\/www.les3mousquetons.net\/wp-content\/uploads\/2017\/03\/podium.jpg\" alt=\"\" height=\"684\" width=\"1024\" srcset=\"https:\/\/www.les3mousquetons.net\/wp-content\/uploads\/2017\/03\/podium.jpg 1024w, https:\/\/www.les3mousquetons.net\/wp-content\/uploads\/2017\/03\/podium-300x200.jpg 300w, https:\/\/www.les3mousquetons.net\/wp-content\/uploads\/2017\/03\/podium-768x513.jpg 768w, https:\/\/www.les3mousquetons.net\/wp-content\/uploads\/2017\/03\/podium-140x94.jpg 140w\" sizes=\"(max-width: 1024px) 100vw, 1024px\" \/><\/a><\/p>\n<p class=\"ox-69264beb14-MsoNormal\">Les r\u00e9sultats&nbsp;: <a href=\"http:\/\/www.ffme.fr\/escalade\/article\/brest-17-six-nouveaux-champions-de-france-jeunes-de-bloc.html\" target=\"_blank\" rel=\"noopener\">http:\/\/www.ffme.fr\/escalade\/article\/brest-17-six-nouveaux-champions-de-france-jeunes-de-bloc.html<\/a><\/p>\n<p class=\"ox-69264beb14-MsoNormal\">Les vid\u00e9os des finales&nbsp;: <a href=\"https:\/\/www.facebook.com\/pg\/FFMontagneEscalade\/videos\/\" target=\"_blank\" rel=\"noopener\">https:\/\/www.facebook.com\/pg\/FFMontagneEscalade\/videos\/<\/a><\/p>\n<p class=\"ox-69264beb14-MsoNormal\">Finale minimes&nbsp;: <a href=\"https:\/\/www.facebook.com\/ffMontagneEscalade\/videos\/10155219925969059\/\" target=\"_blank\" rel=\"noopener\">https:\/\/www.facebook.com\/ffMontagneEscalade\/videos\/10155219925969059\/<\/a><\/p>\n<p class=\"ox-69264beb14-MsoNormal\">&nbsp;<\/p>\n","protected":false},"excerpt":{"rendered":"<p>Encore un podium pour Camille ! ! !<\/p>\n","protected":false},"author":2,"featured_media":2860,"comment_status":"closed","ping_status":"open","sticky":false,"template":"","format":"standard","meta":{"neve_meta_sidebar":"","neve_meta_container":"","neve_meta_enable_content_width":"","neve_meta_content_width":0,"neve_meta_title_alignment":"","neve_meta_author_avatar":"","neve_post_elements_order":"","neve_meta_disable_header":"","neve_meta_disable_footer":"","neve_meta_disable_title":"","_themeisle_gutenberg_block_has_review":false,"_ti_tpc_template_sync":false,"_ti_tpc_template_id":"","cybocfi_hide_featured_image":"","footnotes":""},"categories":[1],"tags":[],"_links":{"self":[{"href":"https:\/\/www.les3mousquetons.net\/index.php?rest_route=\/wp\/v2\/posts\/2859"}],"collection":[{"href":"https:\/\/www.les3mousquetons.net\/index.php?rest_route=\/wp\/v2\/posts"}],"about":[{"href":"https:\/\/www.les3mousquetons.net\/index.php?rest_route=\/wp\/v2\/types\/post"}],"author":[{"embeddable":true,"href":"https:\/\/www.les3mousquetons.net\/index.php?rest_route=\/wp\/v2\/users\/2"}],"replies":[{"embeddable":true,"href":"https:\/\/www.les3mousquetons.net\/index.php?rest_route=%2Fwp%2Fv2%2Fcomments&post=2859"}],"version-history":[{"count":2,"href":"https:\/\/www.les3mousquetons.net\/index.php?rest_route=\/wp\/v2\/posts\/2859\/revisions"}],"predecessor-version":[{"id":2873,"href":"https:\/\/www.les3mousquetons.net\/index.php?rest_route=\/wp\/v2\/posts\/2859\/revisions\/2873"}],"wp:featuredmedia":[{"embeddable":true,"href":"https:\/\/www.les3mousquetons.net\/index.php?rest_route=\/wp\/v2\/media\/2860"}],"wp:attachment":[{"href":"https:\/\/www.les3mousquetons.net\/index.php?rest_route=%2Fwp%2Fv2%2Fmedia&parent=2859"}],"wp:term":[{"taxonomy":"category","embeddable":true,"href":"https:\/\/www.les3mousquetons.net\/index.php?rest_route=%2Fwp%2Fv2%2Fcategories&post=2859"},{"taxonomy":"post_tag","embeddable":true,"href":"https:\/\/www.les3mousquetons.net\/index.php?rest_route=%2Fwp%2Fv2%2Ftags&post=2859"}],"curies":[{"name":"wp","href":"https:\/\/api.w.org\/{rel}","templated":true}]}}