{"id":3313,"date":"2018-02-07T16:09:31","date_gmt":"2018-02-07T15:09:31","guid":{"rendered":"http:\/\/www.les3mousquetons.net\/?p=3313"},"modified":"2018-02-07T16:36:37","modified_gmt":"2018-02-07T15:36:37","slug":"retour-competition-3m-week-end-samedi-3-fevrier","status":"publish","type":"post","link":"https:\/\/www.les3mousquetons.net\/?p=3313","title":{"rendered":"Retour sur la comp\u00e9tition des 3M !"},"content":{"rendered":"<p>Samedi 3 f\u00e9vrier nous avons accueilli 138 grimpeurs, 87 le matin pour l\u2019open r\u00e9gional microbes, poussins et benjamins. Avec des petits grimpeurs impressionnants de facilit\u00e9. Nous avons d\u00fb cr\u00e9er 2 nouvelles voies afin de pouvoir d\u00e9partager les microbes et les poussins qui auront donc grimp\u00e9 7 voies en 4h.<\/p>\n<p>Et 51 grimpeurs l\u2019apr\u00e8s-midi pour le championnat d\u00e9partemental 31\/32 qui \u00e9tait ouvert en open.<\/p>\n<p>Les 3 mousquetons a donc fait 3 comp\u00e9titions en 1&nbsp;:<\/p>\n<ul>\n<li>Open promotionnel microbes, poussins, benjamins<\/li>\n<li>Championnat d\u00e9partemental minimes, cadets et juniors<\/li>\n<li>Open r\u00e9gional pour les minimes, cadets et juniors.<\/li>\n<\/ul>\n<p>Et tout \u00e7a en effectuant une premi\u00e8re dans l\u2019organisation puisque cette ann\u00e9e, la comp\u00e9tition se d\u00e9roulait sous forme de contest comme pour les comp\u00e9titions de blocs. Donc pas de voies de finale \u00e0 vue mais 6 voies \u00e0 tenter une seule fois en 6 minutes maximum.<\/p>\n<p>Pour l\u2019organisation la difficult\u00e9 a \u00e9t\u00e9 de pouvoir filmer toutes les voies afin que le 1<sup>ier<\/sup> grimpeur s\u2019\u00e9lan\u00e7ant dans la voie ne la fasse pas \u00e0 vue (c\u2019est-\u00e0-dire sans avoir vu personne la grimper) et ne soit pas d\u00e9savantag\u00e9 par rapport au suivant qui eux ont la chance de le voir grimper.<\/p>\n<p>Il faut remercier tous les b\u00e9n\u00e9voles qui nous ont permis que cette journ\u00e9e soit une r\u00e9ussite&nbsp;:<\/p>\n<ul>\n<li>Grimpeur du <strong>jeudi soir<\/strong> pour d\u00e9monter le mur<\/li>\n<li>Laveur, nettoyeur de prises du <strong>jeudi soir<\/strong> afin qu\u2019elles soient toutes propres pour le remontage du mur d\u00e8s le lendemain matin par l\u2019\u00e9quipe d\u2019ouvreurs pro et b\u00e9n\u00e9voles.<\/li>\n<li><strong>Le vendredi toute la journ\u00e9e<\/strong> jusque tard le soir. Les chefs ouvreurs Thibault Miclo et Matthieu Moulis, ainsi que David Magre et les b\u00e9n\u00e9voles du club&nbsp;: No\u00e9mie, Flo, Olivier et Max du club de Plaisance qui les ont aid\u00e9s pour nous proposer ces belles voies. A noter que tous les grimpeurs du club vont pouvoir s\u2019\u00e9clater sur les voies d\u00e8s le lundi suivant cette comp\u00e9tition.<\/li>\n<li><strong>Le jour J le samedi<\/strong>, les assureurs et les juges qui ont permis que tout se d\u00e9roule bien. F\u00e9licitons tous les comp\u00e9titeurs des 3 mousquetons d\u2019avoir particip\u00e9.<\/li>\n<li>Et pour finir <strong>le dimanche<\/strong> toute la journ\u00e9e, remercier la 2<sup>i\u00e8me<\/sup> \u00e9quipe d\u2019ouvreurs sous l\u2019\u00e9gide d\u2019Eric Demay d\u2019avoir compl\u00e9t\u00e9 le mur d\u2019une 20aine de voies afin qu\u2019ils correspondent aux besoins de notre club du d\u00e9butants aux confirm\u00e9s ainsi qu\u2019aux attentes des professeurs du lyc\u00e9e.<\/li>\n<\/ul>\n<p style=\"text-align: center;\"><a href=\"https:\/\/photos.app.goo.gl\/3R9maeh85YEhIT5q2\" target=\"_blank\" rel=\"noopener\">Photos de la pr\u00e9paration au jour J<\/a><\/p>\n<p style=\"text-align: center;\"><strong>&nbsp;<\/strong><strong>Nous esp\u00e9rons que vous vous \u00eates tous bien amus\u00e9s lors de cette comp\u00e9tition&nbsp;!&nbsp;!&nbsp;!<\/strong><\/p>\n<p><strong>ET encore BRAVO \u00e0 Naomie Passier 1<sup>\u00e8re<\/sup> Junior, championne d\u00e9partementale 31\/32, Tahis Cochin 2<sup>i\u00e8me<\/sup> poussine et Marie Latt 3<sup>\u00e8me<\/sup> Junior qui continue sur sa lanc\u00e9e et ses bonnes performances puisqu\u2019elle a \u00e9galement fini 3<sup>i\u00e8me<\/sup> lors de l\u2019open r\u00e9gional de Tournefeuille.<\/strong><\/p>\n<p><strong>Et aux 26 autres repr\u00e9sentants des 3 mousquetons qui n\u2019ont pas eu la chance de monter sur le podium&nbsp;!<\/strong><\/p>\n<p><strong>ABADIE SOUQUET Damien, COCHIN Orane,<\/strong> <strong>ENTRIALGO Loic, FIQUET Arthur,<\/strong> <strong>HERRAIZ Raphael, PROST WATERSON Pauline, AUDO Batiste, BARTHEZ No\u00e9, CALAS Enzo, CHOUDET Margot, De PARDIEU Emmanuel, DELEPOUVE Juliette, DUBOURG Sarah, GONCALVES Emma, HERNANDEZ Ethan, LAUZIER Charlotte, LEVILLAIN Antoine, LEVILLAIN Florian, LONCAN A\u00efnoa, MEUNIER Ana\u00eblle, MEURISSE Isaura, NOVES Ambre, PERRUCHOT A\u00efnhoa, RONDEAU Alix, TOULOUSE Cyane, VERONESE Marion.<\/strong><\/p>\n<p style=\"text-align: left;\"><em>R\u00e9sultats championnat d\u00e9partemental 31\/32 minimes \u00e0 juniors<\/em>, <a href=\"http:\/\/www.ffme.fr\/uploads\/escalade\/resultats\/2018\/difficulte\/2018-chpt-dept-diff-31-32.pdf\" target=\"_blank\" rel=\"noopener\">ici<\/a>.<\/p>\n<p style=\"text-align: left;\"><em>R\u00e9sultats open promotionnel microbes \u00e0 benjamins<\/em>, <a href=\"http:\/\/www.ffme.fr\/uploads\/escalade\/resultats\/2018\/promos\/2018-open-reg-diff-fonsorbes.pdf\" target=\"_blank\" rel=\"noopener\">ici<\/a>.<\/p>\n<p>Prochain rendez-vous important pour les comp\u00e9titeurs minimes, cadets, juniors et s\u00e9niors des 3M le championnat r\u00e9gional de blocs au CREPS samedi et dimanche prochain (10 et 11\/02), qualificatif pour les championnat de France. Vous pouvez aller les soutenir et les encourager&nbsp;!&nbsp;!&nbsp;!<\/p>\n<p>Samedi 10\/02 matin voies de qualification cadets et juniors, apr\u00e8s-midi les finales, repr\u00e9senteront le club&nbsp;:<\/p>\n<ul>\n<li>Naomie Passier en juniore<\/li>\n<\/ul>\n<p>Dimanche 11\/02 matin voies de qualification minimes et s\u00e9niors, apr\u00e8s-midi les finales, repr\u00e9senteront le club&nbsp;:<\/p>\n<ul>\n<li>Orane Cochin en minimes<\/li>\n<li>No\u00e9mie Bequet et Florence Kriner en s\u00e9niores<\/li>\n<li>Florian Pellegrino en s\u00e9niors<\/li>\n<\/ul>\n","protected":false},"excerpt":{"rendered":"<p>Notre comp\u00e9tition s\u2019est cl\u00f4tur\u00e9e de belle fa\u00e7on avec une championne d\u00e9partementale, Naomie Passier<\/p>\n","protected":false},"author":2,"featured_media":3314,"comment_status":"closed","ping_status":"open","sticky":false,"template":"","format":"standard","meta":{"neve_meta_sidebar":"","neve_meta_container":"","neve_meta_enable_content_width":"","neve_meta_content_width":0,"neve_meta_title_alignment":"","neve_meta_author_avatar":"","neve_post_elements_order":"","neve_meta_disable_header":"","neve_meta_disable_footer":"","neve_meta_disable_title":"","_themeisle_gutenberg_block_has_review":false,"_ti_tpc_template_sync":false,"_ti_tpc_template_id":"","cybocfi_hide_featured_image":"","footnotes":""},"categories":[1],"tags":[],"_links":{"self":[{"href":"https:\/\/www.les3mousquetons.net\/index.php?rest_route=\/wp\/v2\/posts\/3313"}],"collection":[{"href":"https:\/\/www.les3mousquetons.net\/index.php?rest_route=\/wp\/v2\/posts"}],"about":[{"href":"https:\/\/www.les3mousquetons.net\/index.php?rest_route=\/wp\/v2\/types\/post"}],"author":[{"embeddable":true,"href":"https:\/\/www.les3mousquetons.net\/index.php?rest_route=\/wp\/v2\/users\/2"}],"replies":[{"embeddable":true,"href":"https:\/\/www.les3mousquetons.net\/index.php?rest_route=%2Fwp%2Fv2%2Fcomments&post=3313"}],"version-history":[{"count":2,"href":"https:\/\/www.les3mousquetons.net\/index.php?rest_route=\/wp\/v2\/posts\/3313\/revisions"}],"predecessor-version":[{"id":3317,"href":"https:\/\/www.les3mousquetons.net\/index.php?rest_route=\/wp\/v2\/posts\/3313\/revisions\/3317"}],"wp:featuredmedia":[{"embeddable":true,"href":"https:\/\/www.les3mousquetons.net\/index.php?rest_route=\/wp\/v2\/media\/3314"}],"wp:attachment":[{"href":"https:\/\/www.les3mousquetons.net\/index.php?rest_route=%2Fwp%2Fv2%2Fmedia&parent=3313"}],"wp:term":[{"taxonomy":"category","embeddable":true,"href":"https:\/\/www.les3mousquetons.net\/index.php?rest_route=%2Fwp%2Fv2%2Fcategories&post=3313"},{"taxonomy":"post_tag","embeddable":true,"href":"https:\/\/www.les3mousquetons.net\/index.php?rest_route=%2Fwp%2Fv2%2Ftags&post=3313"}],"curies":[{"name":"wp","href":"https:\/\/api.w.org\/{rel}","templated":true}]}}