{"id":3324,"date":"2018-05-10T19:38:04","date_gmt":"2018-05-10T18:38:04","guid":{"rendered":"http:\/\/www.les3mousquetons.net\/?p=3324"},"modified":"2018-05-28T18:34:30","modified_gmt":"2018-05-28T17:34:30","slug":"nouvelles-3-mousquetons","status":"publish","type":"post","link":"https:\/\/www.les3mousquetons.net\/?p=3324","title":{"rendered":"Quelques nouvelles&#8230;"},"content":{"rendered":"<p>Alors que s\u2019est-il pass\u00e9 depuis notre open en f\u00e9vrier dernier&nbsp;?!!<\/p>\n<p>Avant d\u2019en arriver au championnat r\u00e9gional qui s\u2019est d\u00e9roul\u00e9 \u00e0 Belcaire les 5 et 6 mai, avec la <strong>qualification d\u2019A\u00efnhoa au championnat de France<\/strong>, il s\u2019en est pass\u00e9 des choses depuis f\u00e9vrier, petit retour en arri\u00e8re\u2026<\/p>\n<p><strong>C\u00f4t\u00e9 vie du club: <\/strong><\/p>\n<ul>\n<li>No\u00e9mie a organis\u00e9 une <strong>chasse aux \u0153ufs \u00e0 P\u00e2ques<\/strong>, elle a cach\u00e9 environ une centaine d\u2019\u0153ufs sur le mur pour le bonheur des plus petits comme des plus grands.<\/li>\n<\/ul>\n<div id=\"attachment_3339\" style=\"width: 562px\" class=\"wp-caption aligncenter\"><a href=\"http:\/\/www.les3mousquetons.net\/20180402_175601\"><img loading=\"lazy\" decoding=\"async\" aria-describedby=\"caption-attachment-3339\" class=\"wp-image-3339\" src=\"http:\/\/www.les3mousquetons.net\/wp-content\/uploads\/2018\/05\/20180402_175601.jpg\" alt=\"\" width=\"552\" height=\"310\" srcset=\"https:\/\/www.les3mousquetons.net\/wp-content\/uploads\/2018\/05\/20180402_175601.jpg 4128w, https:\/\/www.les3mousquetons.net\/wp-content\/uploads\/2018\/05\/20180402_175601-300x169.jpg 300w, https:\/\/www.les3mousquetons.net\/wp-content\/uploads\/2018\/05\/20180402_175601-768x432.jpg 768w, https:\/\/www.les3mousquetons.net\/wp-content\/uploads\/2018\/05\/20180402_175601-1024x576.jpg 1024w\" sizes=\"(max-width: 552px) 100vw, 552px\" \/><\/a><p id=\"caption-attachment-3339\" class=\"wp-caption-text\">A vos marques&#8230;<\/p><\/div>\n<div id=\"attachment_3340\" style=\"width: 559px\" class=\"wp-caption aligncenter\"><a href=\"http:\/\/www.les3mousquetons.net\/20180402_175819\"><img loading=\"lazy\" decoding=\"async\" aria-describedby=\"caption-attachment-3340\" class=\"wp-image-3340\" src=\"http:\/\/www.les3mousquetons.net\/wp-content\/uploads\/2018\/05\/20180402_175819.jpg\" alt=\"\" width=\"549\" height=\"309\" srcset=\"https:\/\/www.les3mousquetons.net\/wp-content\/uploads\/2018\/05\/20180402_175819.jpg 4128w, https:\/\/www.les3mousquetons.net\/wp-content\/uploads\/2018\/05\/20180402_175819-300x169.jpg 300w, https:\/\/www.les3mousquetons.net\/wp-content\/uploads\/2018\/05\/20180402_175819-768x432.jpg 768w, https:\/\/www.les3mousquetons.net\/wp-content\/uploads\/2018\/05\/20180402_175819-1024x576.jpg 1024w\" sizes=\"(max-width: 549px) 100vw, 549px\" \/><\/a><p id=\"caption-attachment-3340\" class=\"wp-caption-text\">O\u00f9 sont les \u0153ufs ?<\/p><\/div>\n<ul>\n<li>Mardi 8 mai, Olivier accompagn\u00e9 de Bernard, No\u00e9mie et Herv\u00e9 ont fait passer les <strong>passeports<\/strong> \u00e0 nos jeunes grimpeurs. Pour les adultes, c\u2019est pr\u00e9vu mardi 15 mai.<\/li>\n<\/ul>\n<div id=\"attachment_3342\" style=\"width: 564px\" class=\"wp-caption aligncenter\"><a href=\"http:\/\/www.les3mousquetons.net\/p1040382\"><img loading=\"lazy\" decoding=\"async\" aria-describedby=\"caption-attachment-3342\" class=\"wp-image-3342\" src=\"http:\/\/www.les3mousquetons.net\/wp-content\/uploads\/2018\/05\/P1040382.jpg\" alt=\"\" width=\"554\" height=\"416\" srcset=\"https:\/\/www.les3mousquetons.net\/wp-content\/uploads\/2018\/05\/P1040382.jpg 3264w, https:\/\/www.les3mousquetons.net\/wp-content\/uploads\/2018\/05\/P1040382-300x225.jpg 300w, https:\/\/www.les3mousquetons.net\/wp-content\/uploads\/2018\/05\/P1040382-768x576.jpg 768w, https:\/\/www.les3mousquetons.net\/wp-content\/uploads\/2018\/05\/P1040382-1024x768.jpg 1024w\" sizes=\"(max-width: 554px) 100vw, 554px\" \/><\/a><p id=\"caption-attachment-3342\" class=\"wp-caption-text\">Passage des passeports<\/p><\/div>\n<p>Il y a eu aussi les \u00e9v\u00e8nements \u00e0 l\u2019ext\u00e9rieur, avec la <strong>nuit de la grimpe <\/strong>du club <a href=\"http:\/\/cime-carbonne.fr\/\" target=\"_blank\" rel=\"noopener\">CIME <\/a>\u00e0 Carbonne le 7 avril.<\/p>\n<p>Les chanceux qui y \u00e9taient se sont r\u00e9gal\u00e9s, un petit contest de vitesse (avec plusieurs cat\u00e9gories \u00e0 partir de microbes jusqu\u2019aux adultes), de la baby escalade (avec la structure cr\u00e9\u00e9e par le club Entre Terre et Ciel), de la d\u00e9couverte sur le <a href=\"https:\/\/www.facebook.com\/438977692845847\/photos\/pcb.1651631228247148\/1651631151580489\/?type=3&amp;theater\" target=\"_blank\" rel=\"noopener\">tout nouveau bloc mobile du CT31-32 FFME<\/a>, de la grimpe toute la nuit, des concerts\u2026 Venez nombreux l\u2019an prochain!<\/p>\n<div id=\"attachment_3343\" style=\"width: 399px\" class=\"wp-caption aligncenter\"><a href=\"http:\/\/www.les3mousquetons.net\/cime3\"><img loading=\"lazy\" decoding=\"async\" aria-describedby=\"caption-attachment-3343\" class=\"wp-image-3343\" src=\"http:\/\/www.les3mousquetons.net\/wp-content\/uploads\/2018\/05\/cime3.jpg\" alt=\"\" width=\"389\" height=\"524\" srcset=\"https:\/\/www.les3mousquetons.net\/wp-content\/uploads\/2018\/05\/cime3.jpg 515w, https:\/\/www.les3mousquetons.net\/wp-content\/uploads\/2018\/05\/cime3-223x300.jpg 223w\" sizes=\"(max-width: 389px) 100vw, 389px\" \/><\/a><p id=\"caption-attachment-3343\" class=\"wp-caption-text\">Nuit de la grimpe \u00e0 Carbonne<\/p><\/div>\n<p>Et malheureusement pas de <strong>sorties falaises<\/strong> pour le moment car elles ont \u00e9t\u00e9 annul\u00e9s pour cause de manque de participants et\/ou mauvais temps. <strong>Prochaines dates&nbsp;: 26 mai, 2 juin, 9 juin et 17 juin<\/strong>. A vos agendas et pensez \u00e0 vous inscrire aupr\u00e8s de No\u00e9mie!<\/p>\n<p><strong>C\u00f4t\u00e9 comp\u00e9tition:<\/strong><\/p>\n<p>On commence par le <strong>GET <\/strong>(Garonne Escalade Troph\u00e9e):<\/p>\n<ul>\n<li>La 2\u00e8me \u00e9tape du GET avait eu lieu \u00e0 <strong>Pibrac<\/strong> le 21 janvier. Bravo \u00e0 Ana\u00eblle, Alix, Batiste, Emmanuel, Ainoa, Margot, Florian, No\u00e9, Antoine, Orane, Pauline, Damien, Loic et aux 4 podiums <strong>A\u00efnhoa et Tahis 1\u00e8re et 2\u00e8me poussines, Isaura 4\u00e8me bejamine et Antonin 4\u00e8me minime<br \/>\n<\/strong><\/li>\n<li>La 3\u00e8me \u00e9tape \u00e9tait \u00e0 <strong>Saint Gaudens<\/strong> le 4 mars. Bravo \u00e0 Tahis, Florian, Marion, Antoine, Antonin, Damien et aux 2 podiums<strong> A\u00efnhoa 2\u00e8me poussine et Orane 3\u00e8me minime<\/strong><\/li>\n<li>La 4\u00e8me \u00e9tape, \u00e9tape de bloc s\u2019est d\u00e9roul\u00e9e les 14 et 15 avril \u00e0 <strong>Labroqu\u00e8re<\/strong>. Bravo \u00e0 Ana\u00eblle, Tahis, Marion, Damien et \u00e0 <strong>Orane 2\u00e8me<\/strong><\/li>\n<\/ul>\n<div id=\"attachment_3334\" style=\"width: 379px\" class=\"wp-caption alignleft\"><a href=\"http:\/\/www.les3mousquetons.net\/resized_20180415_133521_1060\"><img loading=\"lazy\" decoding=\"async\" aria-describedby=\"caption-attachment-3334\" class=\"wp-image-3334\" src=\"http:\/\/www.les3mousquetons.net\/wp-content\/uploads\/2018\/05\/Resized_20180415_133521_1060.jpg\" alt=\"\" width=\"369\" height=\"207\" srcset=\"https:\/\/www.les3mousquetons.net\/wp-content\/uploads\/2018\/05\/Resized_20180415_133521_1060.jpg 1080w, https:\/\/www.les3mousquetons.net\/wp-content\/uploads\/2018\/05\/Resized_20180415_133521_1060-300x169.jpg 300w, https:\/\/www.les3mousquetons.net\/wp-content\/uploads\/2018\/05\/Resized_20180415_133521_1060-768x432.jpg 768w, https:\/\/www.les3mousquetons.net\/wp-content\/uploads\/2018\/05\/Resized_20180415_133521_1060-1024x576.jpg 1024w\" sizes=\"(max-width: 369px) 100vw, 369px\" \/><\/a><p id=\"caption-attachment-3334\" class=\"wp-caption-text\">GET de Labroqu\u00e8re &#8211; Orane<\/p><\/div>\n<p>&nbsp;<\/p>\n<p>&nbsp;<\/p>\n<div id=\"attachment_3335\" style=\"width: 216px\" class=\"wp-caption alignright\"><a href=\"http:\/\/www.les3mousquetons.net\/resized_20180415_133824_428\"><img loading=\"lazy\" decoding=\"async\" aria-describedby=\"caption-attachment-3335\" class=\"wp-image-3335\" src=\"http:\/\/www.les3mousquetons.net\/wp-content\/uploads\/2018\/05\/Resized_20180415_133824_428.jpg\" alt=\"\" width=\"206\" height=\"366\" srcset=\"https:\/\/www.les3mousquetons.net\/wp-content\/uploads\/2018\/05\/Resized_20180415_133824_428.jpg 1080w, https:\/\/www.les3mousquetons.net\/wp-content\/uploads\/2018\/05\/Resized_20180415_133824_428-169x300.jpg 169w, https:\/\/www.les3mousquetons.net\/wp-content\/uploads\/2018\/05\/Resized_20180415_133824_428-768x1365.jpg 768w, https:\/\/www.les3mousquetons.net\/wp-content\/uploads\/2018\/05\/Resized_20180415_133824_428-576x1024.jpg 576w\" sizes=\"(max-width: 206px) 100vw, 206px\" \/><\/a><p id=\"caption-attachment-3335\" class=\"wp-caption-text\">GET de Labroqu\u00e8re &#8211; Ana\u00eblle<\/p><\/div>\n<p>&nbsp;<\/p>\n<p>&nbsp;<\/p>\n<p>&nbsp;<\/p>\n<p>&nbsp;<\/p>\n<p>&nbsp;<\/p>\n<p>&nbsp;<\/p>\n<p>&nbsp;<\/p>\n<p>&nbsp;<\/p>\n<p>&nbsp;<\/p>\n<p>&nbsp;<\/p>\n<p>Tous les r\u00e9sultats se trouvent <strong><a href=\"http:\/\/ct31-32.ffme.fr\/index.php\/escalade\/get\" target=\"_blank\" rel=\"noopener\">ici<\/a><\/strong>, ainsi que l\u2019inscription pour l\u2019<strong>\u00e9tape suivante \u00e0 Saint-Mamet le 26 mai<\/strong>.<\/p>\n<p>Apr\u00e8s le GET, rencontre d\u2019escalade, ouvert aux jeunes grimpeurs des d\u00e9partements 31 et 32, on passe un cran au-dessus avec les <strong>comp\u00e9titions r\u00e9gionales:<\/strong>&nbsp;<\/p>\n<ul>\n<li>Championnat r\u00e9gional de bloc \u00e0 Toulouse les 10 et 11 f\u00e9vrier. Bravo \u00e0 Orane 8\u00e8me minime fille et No\u00e9mie 17\u00e8me chez les s\u00e9niors filles<\/li>\n<li>Championnat r\u00e9gional de difficult\u00e9 et le championnat r\u00e9gional Poussin-Benjamin \u00e0 Belcaire les 5 et 6 mai<\/li>\n<\/ul>\n<p>En effet ce 1er week-end de mai, 4 motiv\u00e9s sont partis \u00e0 Belcaire et A\u00efnhoa Perruchot avec sa 3\u00e8me place chez les poussines se qualifie pour les championnats de France Poussin-Benjamin qui auront lieu les 30 juin et 1er juillet \u00e0 Chamb\u00e9ry. Il s\u2019agit d\u2019un combin\u00e9 qui regroupe les 3 disciplines de l\u2019escalade&nbsp;: vitesse, bloc et difficult\u00e9.&nbsp; Bravo \u00e0 elle&nbsp;!<\/p>\n<p>Le reste de l\u2019\u00e9quipe, j\u2019ai nomm\u00e9 la Cochin family, n\u2019a pas d\u00e9m\u00e9rit\u00e9, Orane se qualifie pour la finale et termine 8\u00e8me, Tahis chez les poussines finit 8\u00e8me au g\u00e9n\u00e9ral avec une tr\u00e8s belle 2\u00e8me place en difficult\u00e9 et Herv\u00e9 s\u2019est fait plaisir chez les s\u00e9niors en sortant une voie de qualification et termine \u00e0 2 prises de la qualif sur la 2\u00e8me voie.<\/p>\n<div id=\"attachment_3332\" style=\"width: 466px\" class=\"wp-caption aligncenter\"><a href=\"http:\/\/www.les3mousquetons.net\/p1040288\"><img loading=\"lazy\" decoding=\"async\" aria-describedby=\"caption-attachment-3332\" class=\"wp-image-3332\" src=\"http:\/\/www.les3mousquetons.net\/wp-content\/uploads\/2018\/05\/P1040288.jpg\" alt=\"\" width=\"456\" height=\"342\" srcset=\"https:\/\/www.les3mousquetons.net\/wp-content\/uploads\/2018\/05\/P1040288.jpg 3264w, https:\/\/www.les3mousquetons.net\/wp-content\/uploads\/2018\/05\/P1040288-300x225.jpg 300w, https:\/\/www.les3mousquetons.net\/wp-content\/uploads\/2018\/05\/P1040288-768x576.jpg 768w, https:\/\/www.les3mousquetons.net\/wp-content\/uploads\/2018\/05\/P1040288-1024x768.jpg 1024w\" sizes=\"(max-width: 456px) 100vw, 456px\" \/><\/a><p id=\"caption-attachment-3332\" class=\"wp-caption-text\">A\u00efnhoa<\/p><\/div>\n<div id=\"attachment_3330\" style=\"width: 301px\" class=\"wp-caption aligncenter\"><a href=\"http:\/\/www.les3mousquetons.net\/p1040346\"><img loading=\"lazy\" decoding=\"async\" aria-describedby=\"caption-attachment-3330\" class=\"wp-image-3330\" src=\"http:\/\/www.les3mousquetons.net\/wp-content\/uploads\/2018\/05\/P1040346.jpg\" alt=\"\" width=\"291\" height=\"388\" srcset=\"https:\/\/www.les3mousquetons.net\/wp-content\/uploads\/2018\/05\/P1040346.jpg 2448w, https:\/\/www.les3mousquetons.net\/wp-content\/uploads\/2018\/05\/P1040346-225x300.jpg 225w, https:\/\/www.les3mousquetons.net\/wp-content\/uploads\/2018\/05\/P1040346-768x1024.jpg 768w\" sizes=\"(max-width: 291px) 100vw, 291px\" \/><\/a><p id=\"caption-attachment-3330\" class=\"wp-caption-text\">Tahis, A\u00efnhoa, Orane et Herv\u00e9<\/p><\/div>\n<p>Vous pouvez trouver les dates et lien pour les inscriptions aux prochaines comp\u00e9titions <strong><a href=\"http:\/\/occitanie.ffme.fr\/index.php\/competition\" target=\"_blank\" rel=\"noopener\">ici<\/a><\/strong>, vous devriez retrouver les 3 Mousquetons au Contest de bloc Quercy Grimpe \u00e0 Saint Antonin Noble Val le 9 juin, inscription <strong><a href=\"https:\/\/www.ffme.fr\/competition\/fiche\/5347.html\" target=\"_blank\" rel=\"noopener\">ici<\/a><\/strong>. Qui vient ?<\/p>\n<p>Et Batiste nous repr\u00e9sente au top des petits grimpeurs \u00e0 Tarbes ce dimanche 13 mai.<\/p>\n<p>Voil\u00e0 le r\u00e9sum\u00e9 des 3 derniers mois, on aimerait bien \u00eatre plus r\u00e9gulier dans les news alors si jamais vous vous sentez l\u2019\u00e2me d\u2019un grand reporter ou vous avez juste envie d\u2019\u00e9crire un article pour le site et\/ou la page <a href=\"https:\/\/www.facebook.com\/les3mousquetonsfonsorbes\/\" target=\"_blank\" rel=\"noopener\">facebook<\/a>, n\u2019h\u00e9sitez pas \u00e0 vous faire connaitre, on peut m\u00eame fournir les id\u00e9es d\u2019article!<\/p>\n<p>&nbsp;<\/p>\n","protected":false},"excerpt":{"rendered":"<p>A\u00efnhoa qualifi\u00e9e aux championnat de France poussin-benjamin et autres news&#8230;<\/p>\n","protected":false},"author":2,"featured_media":3361,"comment_status":"closed","ping_status":"open","sticky":false,"template":"","format":"standard","meta":{"neve_meta_sidebar":"","neve_meta_container":"","neve_meta_enable_content_width":"","neve_meta_content_width":0,"neve_meta_title_alignment":"","neve_meta_author_avatar":"","neve_post_elements_order":"","neve_meta_disable_header":"","neve_meta_disable_footer":"","neve_meta_disable_title":"","_themeisle_gutenberg_block_has_review":false,"_ti_tpc_template_sync":false,"_ti_tpc_template_id":"","cybocfi_hide_featured_image":"","footnotes":""},"categories":[1],"tags":[],"_links":{"self":[{"href":"https:\/\/www.les3mousquetons.net\/index.php?rest_route=\/wp\/v2\/posts\/3324"}],"collection":[{"href":"https:\/\/www.les3mousquetons.net\/index.php?rest_route=\/wp\/v2\/posts"}],"about":[{"href":"https:\/\/www.les3mousquetons.net\/index.php?rest_route=\/wp\/v2\/types\/post"}],"author":[{"embeddable":true,"href":"https:\/\/www.les3mousquetons.net\/index.php?rest_route=\/wp\/v2\/users\/2"}],"replies":[{"embeddable":true,"href":"https:\/\/www.les3mousquetons.net\/index.php?rest_route=%2Fwp%2Fv2%2Fcomments&post=3324"}],"version-history":[{"count":25,"href":"https:\/\/www.les3mousquetons.net\/index.php?rest_route=\/wp\/v2\/posts\/3324\/revisions"}],"predecessor-version":[{"id":3365,"href":"https:\/\/www.les3mousquetons.net\/index.php?rest_route=\/wp\/v2\/posts\/3324\/revisions\/3365"}],"wp:featuredmedia":[{"embeddable":true,"href":"https:\/\/www.les3mousquetons.net\/index.php?rest_route=\/wp\/v2\/media\/3361"}],"wp:attachment":[{"href":"https:\/\/www.les3mousquetons.net\/index.php?rest_route=%2Fwp%2Fv2%2Fmedia&parent=3324"}],"wp:term":[{"taxonomy":"category","embeddable":true,"href":"https:\/\/www.les3mousquetons.net\/index.php?rest_route=%2Fwp%2Fv2%2Fcategories&post=3324"},{"taxonomy":"post_tag","embeddable":true,"href":"https:\/\/www.les3mousquetons.net\/index.php?rest_route=%2Fwp%2Fv2%2Ftags&post=3324"}],"curies":[{"name":"wp","href":"https:\/\/api.w.org\/{rel}","templated":true}]}}