{"id":3435,"date":"2018-08-28T20:54:10","date_gmt":"2018-08-28T19:54:10","guid":{"rendered":"http:\/\/www.les3mousquetons.net\/?p=3435"},"modified":"2018-08-29T17:31:13","modified_gmt":"2018-08-29T16:31:13","slug":"derniere-ligne-droite-inscriptions","status":"publish","type":"post","link":"https:\/\/www.les3mousquetons.net\/?p=3435","title":{"rendered":"Derni\u00e8re ligne droite pour les inscriptions"},"content":{"rendered":"<p>&nbsp;<\/p>\n<p>Vous avez fait la pr\u00e9-inscription <a href=\"https:\/\/goo.gl\/forms\/3jc6FeOcGDBW9Wfo2\" target=\"_blank\" rel=\"noopener\">ici<\/a>, <strong>obligatoire<\/strong><\/p>\n<p>Vous aviez tr\u00e8s envie de venir aux portes ouvertes le 1er juillet dernier pour d\u00e9poser votre dossier mais vous n&rsquo;avez pas pu ? Pas d&rsquo;inqui\u00e9tude, vous avez encore une chance de finaliser votre inscription en venant le<strong> 1er septembre 2018 de 10h \u00e0 12h au Banayre<\/strong> (17 avenue de Provence).<\/p>\n<p>Pour les dossiers o\u00f9 il nous manque le <strong>certificat m\u00e9dical<\/strong>, il faut nous l&rsquo;apporter ou nous le scanner et l&rsquo;envoyer par email, mais attention il faudra <strong>apporter l&rsquo;original<\/strong> lors du 1er cours, sinon votre enfant ne pourra pas grimper.<\/p>\n<p>Et l\u00e0, on vous entend nous dire que vous ne pouvez pas venir le 1er septembre, alors il vous restera encore une derni\u00e8re chance lors du <strong>forum des associations le 9 septembre 2018 de 9h30 \u00e0 14h<\/strong>. Par contre, attention si vous ne passez pas ce samedi et sans nouvelle de votre part par email pour confirmer votre inscription, vous perdrez l&rsquo;avantage de votre pr\u00e9-inscription et votre ordre d&rsquo;arriv\u00e9e, car les places seront lib\u00e9r\u00e9es au profit des listes d&rsquo;attente et pour ceux qui s\u2019inscriront lors du forum des associations le 9 septembre.<\/p>\n<p>Rappel des pi\u00e8ces pour finaliser votre inscriptions ici:<\/p>\n<p>http:\/\/www.les3mousquetons.net\/actualites\/inscriptions-saison-2018-2019<\/p>\n<p>Reprise des cours la semaine du 17 septembre. Bonne rentr\u00e9e<\/p>\n","protected":false},"excerpt":{"rendered":"<p>avant la reprise des cours \u00e0 partir du 17 septembre<\/p>\n","protected":false},"author":2,"featured_media":4,"comment_status":"closed","ping_status":"open","sticky":false,"template":"","format":"standard","meta":{"neve_meta_sidebar":"","neve_meta_container":"","neve_meta_enable_content_width":"","neve_meta_content_width":0,"neve_meta_title_alignment":"","neve_meta_author_avatar":"","neve_post_elements_order":"","neve_meta_disable_header":"","neve_meta_disable_footer":"","neve_meta_disable_title":"","_themeisle_gutenberg_block_has_review":false,"_ti_tpc_template_sync":false,"_ti_tpc_template_id":"","cybocfi_hide_featured_image":"","footnotes":""},"categories":[1],"tags":[],"_links":{"self":[{"href":"https:\/\/www.les3mousquetons.net\/index.php?rest_route=\/wp\/v2\/posts\/3435"}],"collection":[{"href":"https:\/\/www.les3mousquetons.net\/index.php?rest_route=\/wp\/v2\/posts"}],"about":[{"href":"https:\/\/www.les3mousquetons.net\/index.php?rest_route=\/wp\/v2\/types\/post"}],"author":[{"embeddable":true,"href":"https:\/\/www.les3mousquetons.net\/index.php?rest_route=\/wp\/v2\/users\/2"}],"replies":[{"embeddable":true,"href":"https:\/\/www.les3mousquetons.net\/index.php?rest_route=%2Fwp%2Fv2%2Fcomments&post=3435"}],"version-history":[{"count":6,"href":"https:\/\/www.les3mousquetons.net\/index.php?rest_route=\/wp\/v2\/posts\/3435\/revisions"}],"predecessor-version":[{"id":3442,"href":"https:\/\/www.les3mousquetons.net\/index.php?rest_route=\/wp\/v2\/posts\/3435\/revisions\/3442"}],"wp:featuredmedia":[{"embeddable":true,"href":"https:\/\/www.les3mousquetons.net\/index.php?rest_route=\/wp\/v2\/media\/4"}],"wp:attachment":[{"href":"https:\/\/www.les3mousquetons.net\/index.php?rest_route=%2Fwp%2Fv2%2Fmedia&parent=3435"}],"wp:term":[{"taxonomy":"category","embeddable":true,"href":"https:\/\/www.les3mousquetons.net\/index.php?rest_route=%2Fwp%2Fv2%2Fcategories&post=3435"},{"taxonomy":"post_tag","embeddable":true,"href":"https:\/\/www.les3mousquetons.net\/index.php?rest_route=%2Fwp%2Fv2%2Ftags&post=3435"}],"curies":[{"name":"wp","href":"https:\/\/api.w.org\/{rel}","templated":true}]}}