{"id":4035,"date":"2020-09-25T09:30:59","date_gmt":"2020-09-25T08:30:59","guid":{"rendered":"http:\/\/www.les3mousquetons.net\/?p=4035"},"modified":"2021-10-09T12:46:15","modified_gmt":"2021-10-09T11:46:15","slug":"situation-covid","status":"publish","type":"post","link":"https:\/\/www.les3mousquetons.net\/?p=4035","title":{"rendered":"Situation COVID au 30\/10\/20"},"content":{"rendered":"\n<figure class=\"wp-block-image size-large\"><img loading=\"lazy\" decoding=\"async\" width=\"1024\" height=\"474\" src=\"http:\/\/www.les3mousquetons.net\/wp-content\/uploads\/2020\/09\/covid-1728x800_c-1024x474.jpg\" alt=\"\" class=\"wp-image-4034\" srcset=\"https:\/\/www.les3mousquetons.net\/wp-content\/uploads\/2020\/09\/covid-1728x800_c-1024x474.jpg 1024w, https:\/\/www.les3mousquetons.net\/wp-content\/uploads\/2020\/09\/covid-1728x800_c-300x139.jpg 300w, https:\/\/www.les3mousquetons.net\/wp-content\/uploads\/2020\/09\/covid-1728x800_c-768x356.jpg 768w, https:\/\/www.les3mousquetons.net\/wp-content\/uploads\/2020\/09\/covid-1728x800_c-1536x711.jpg 1536w, https:\/\/www.les3mousquetons.net\/wp-content\/uploads\/2020\/09\/covid-1728x800_c.jpg 1728w\" sizes=\"(max-width: 1024px) 100vw, 1024px\" \/><\/figure>\n\n\n\n<p>Bonjour \u00e0 tous,<\/p>\n\n\n\n<p><strong>Mise \u00e0 jour 30\/10\/2020 11:00,<\/strong> Suite aux annonces du gouvernement, sans grande surprise, mais avec beaucoup de d\u00e9ception,&nbsp;<strong>nous suspendons jusqu&rsquo;\u00e0 nouvel ordre tous les cours d&rsquo;escalade, pour les enfants et les adultes<\/strong>. La p\u00e9riode envisag\u00e9e s&rsquo;\u00e9tend jusqu&rsquo;au&nbsp;1er d\u00e9cembre pour le moment, mais des ajustements (en plus ou en moins) pourraient intervenir. Nous vous tiendrons inform\u00e9s de l&rsquo;\u00e9volution des consignes.<\/p>\n\n\n\n<p><\/p>\n\n\n\n<p><strong>Mise \u00e0 jour 13\/10\/2020 16:00,<\/strong> <s><strong>l&rsquo;ensemble des cours d&rsquo;escalade propos\u00e9s par l&rsquo;association sont maintenus pour les enfants et les adultes<\/strong>.<\/s><\/p>\n\n\n\n<p><em>Note: Par arr\u00eat\u00e9 pr\u00e9fectoral du 12\/10\/2020, la commune de Fonsorbes passe en&nbsp;zone vigilance renforc\u00e9e.<\/em> <\/p>\n\n\n\n<p>cf <a href=\"https:\/\/www.fonsorbes.fr\/actualites\/covid19-port-du-masque-obligatoire-dans-toute-la-ville-des-mardi-13-octobre-2020\/\">https:\/\/www.fonsorbes.fr\/actualites\/covid19-port-du-masque-obligatoire-dans-toute-la-ville-des-mardi-13-octobre-2020\/<\/a><br>\u00ab\u00a0&#8230; interdiction des activit\u00e9s sportives organis\u00e9es dans les \u00e9tablissements couverts recevant du public, y compris dans les salles polyvalentes et piscines couvertes, <strong>\u00e0 l\u2019exclusion des salles de sport et des gymnases<\/strong> &#8230;\u00a0\u00bb<\/p>\n\n\n\n<p><\/p>\n\n\n\n<p><strong>(27\/09\/2020 23:00),<\/strong> <strong>l&rsquo;ensemble des cours d&rsquo;escalade propos\u00e9s par l&rsquo;association sont maintenus pour les enfants et les adultes<\/strong>.<\/p>\n\n\n\n<p><em>Note: Par arr\u00eat\u00e9 pr\u00e9fectoral, la ville de FONSORBES n\u2019est pas incluse dans le p\u00e9rim\u00e8tre d\u2019alerte rouge renforc\u00e9 (qui concerne uniquement la m\u00e9tropole de Toulouse).<\/em><\/p>\n\n\n\n<p>Cependant, comme tout le monde, nous sommes soucieux de la situation sanitaire actuelle, des nouvelles directives du gouvernement et des derni\u00e8res mesures mises en place par le pr\u00e9fet de la Haute Garonne.<\/p>\n\n\n\n<p><strong>Afin que nous puissions maintenir notre autorisation de pratiquer<\/strong>&nbsp;: nous en appelons au civisme de chacun et au strict respect du protocole de reprise d\u2019activit\u00e9 valid\u00e9 par la mairie et les encadrants du club <a rel=\"noreferrer noopener\" href=\"http:\/\/www.les3mousquetons.net\/wp-content\/uploads\/2020\/09\/20200823-Les3M-Protocole-Sanitaire-RepriseEscalade_v4.pdf\" target=\"_blank\">(consultable en ligne<\/a>).<\/p>\n\n\n\n<ul><li><strong>JE NE VIENS PAS<\/strong> si je suis test\u00e9 positif, si je pr\u00e9sente des sympt\u00f4mes ou si je suis identifi\u00e9 comme cas contact<\/li><li><strong>JE PORTE LE MASQUE<\/strong> d\u00e8s l\u2019acc\u00e8s \u00e0 l\u2019enceinte des gymnases et ce jusqu\u2019\u00e0 ce que l\u2019encadrant m\u2019autorise \u00e0 l\u2019enlever pour la pratique sportive (Avis aux accompagnants, on ne quitte pas le masque)<\/li><li><strong>JE ME NETTOIE LES MAINS EN ARRIVANT ET EN REPARTANT<\/strong>, du gel hydroalcoolique est \u00e0 disposition dans notre zone d\u2019accueil<\/li><li><strong>JE RESPECTE UNE DISTANCIATION PHYSIQUE<\/strong><\/li><li><strong>JE LAVE MA TENUE <\/strong>en<strong> <\/strong>arrivant chez moi<\/li><\/ul>\n\n\n\n<p>Quelques liens pour approfondir&nbsp;;<\/p>\n\n\n\n<ul><li><a href=\"http:\/\/www.haute-garonne.gouv.fr\/Politiques-publiques\/Securite-et-protection-des-personnes-et-des-biens\/Coronavirus-COVID19\">http:\/\/www.haute-garonne.gouv.fr\/Politiques-publiques\/Securite-et-protection-des-personnes-et-des-biens\/Coronavirus-COVID19<\/a><\/li><li><a href=\"https:\/\/www.ffme.fr\/covid-19\/\">https:\/\/www.ffme.fr\/covid-19\/<\/a><\/li><li><a rel=\"noreferrer noopener\" href=\"http:\/\/track.news.ffme.fr\/link_32.php?id=32&amp;md=7987427&amp;lid=547762\" target=\"_blank\">Communiqu\u00e9 &#8211; D\u00e9clinaisons pour le sport des d\u00e9cisions sanitaires gouvernementales au 25\/09\/2020&nbsp;<\/a><\/li><li><a rel=\"noreferrer noopener\" href=\"http:\/\/track.news.ffme.fr\/link_32.php?id=32&amp;md=7987427&amp;lid=547763\" target=\"_blank\">Tableau &#8211; D\u00e9clinaisons pour le sport des d\u00e9cisions sanitaires&nbsp;<\/a><\/li><li><a href=\"https:\/\/www.ffme.fr\/dispositifs-en-zone-alerte-renforcee-ou-maximale\/\">https:\/\/www.ffme.fr\/dispositifs-en-zone-alerte-renforcee-ou-maximale\/<\/a><\/li><\/ul>\n\n\n\n<p>Merci de votre compr\u00e9hension et bonne grimpe&nbsp;!<\/p>\n\n\n\n<p>Le bureau des 3 Mousquetons<\/p>\n","protected":false},"excerpt":{"rendered":"<p>Bonjour \u00e0 tous, Mise \u00e0 jour 30\/10\/2020 11:00, Suite aux annonces du gouvernement, sans grande surprise, mais avec beaucoup de d\u00e9ception,&nbsp;nous suspendons jusqu&rsquo;\u00e0 nouvel ordre tous les cours d&rsquo;escalade, pour&hellip;&nbsp;<a href=\"https:\/\/www.les3mousquetons.net\/?p=4035\" class=\"\" rel=\"bookmark\">Lire la suite &raquo;<span class=\"screen-reader-text\">Situation COVID au 30\/10\/20<\/span><\/a><\/p>\n","protected":false},"author":2,"featured_media":4040,"comment_status":"closed","ping_status":"open","sticky":false,"template":"","format":"standard","meta":{"neve_meta_sidebar":"","neve_meta_container":"","neve_meta_enable_content_width":"","neve_meta_content_width":0,"neve_meta_title_alignment":"","neve_meta_author_avatar":"","neve_post_elements_order":"","neve_meta_disable_header":"","neve_meta_disable_footer":"","neve_meta_disable_title":"","_themeisle_gutenberg_block_has_review":false,"_ti_tpc_template_sync":false,"_ti_tpc_template_id":"","cybocfi_hide_featured_image":"","footnotes":""},"categories":[33],"tags":[],"_links":{"self":[{"href":"https:\/\/www.les3mousquetons.net\/index.php?rest_route=\/wp\/v2\/posts\/4035"}],"collection":[{"href":"https:\/\/www.les3mousquetons.net\/index.php?rest_route=\/wp\/v2\/posts"}],"about":[{"href":"https:\/\/www.les3mousquetons.net\/index.php?rest_route=\/wp\/v2\/types\/post"}],"author":[{"embeddable":true,"href":"https:\/\/www.les3mousquetons.net\/index.php?rest_route=\/wp\/v2\/users\/2"}],"replies":[{"embeddable":true,"href":"https:\/\/www.les3mousquetons.net\/index.php?rest_route=%2Fwp%2Fv2%2Fcomments&post=4035"}],"version-history":[{"count":14,"href":"https:\/\/www.les3mousquetons.net\/index.php?rest_route=\/wp\/v2\/posts\/4035\/revisions"}],"predecessor-version":[{"id":4884,"href":"https:\/\/www.les3mousquetons.net\/index.php?rest_route=\/wp\/v2\/posts\/4035\/revisions\/4884"}],"wp:featuredmedia":[{"embeddable":true,"href":"https:\/\/www.les3mousquetons.net\/index.php?rest_route=\/wp\/v2\/media\/4040"}],"wp:attachment":[{"href":"https:\/\/www.les3mousquetons.net\/index.php?rest_route=%2Fwp%2Fv2%2Fmedia&parent=4035"}],"wp:term":[{"taxonomy":"category","embeddable":true,"href":"https:\/\/www.les3mousquetons.net\/index.php?rest_route=%2Fwp%2Fv2%2Fcategories&post=4035"},{"taxonomy":"post_tag","embeddable":true,"href":"https:\/\/www.les3mousquetons.net\/index.php?rest_route=%2Fwp%2Fv2%2Ftags&post=4035"}],"curies":[{"name":"wp","href":"https:\/\/api.w.org\/{rel}","templated":true}]}}