{"id":4143,"date":"2021-05-07T11:00:52","date_gmt":"2021-05-07T10:00:52","guid":{"rendered":"http:\/\/www.les3mousquetons.net\/?p=4143"},"modified":"2024-06-09T10:11:49","modified_gmt":"2024-06-09T09:11:49","slug":"organisation-des-activites-pour-cette-fin-dannee","status":"publish","type":"post","link":"https:\/\/www.les3mousquetons.net\/?p=4143","title":{"rendered":"Organisation des activit\u00e9s pour cette fin d&rsquo;ann\u00e9e"},"content":{"rendered":"\n<p><\/p>\n\n\n\n<p><\/p>\n\n\n\n<p>A 2 mois des grandes vacances, il est temps d&rsquo;organiser cette fin d&rsquo;ann\u00e9e!<\/p>\n\n\n\n<p>Avant tout, vous avez d\u00fb voir passer le mail de Bertrand pour des<strong> sorties falaises \u00e0 partir de ce WE 8 mai<\/strong>. Profitez-en, les enfants en reviennent toujours avec des p\u00e9pites dans les yeux!!<\/p>\n\n\n\n<p>Les mesures de d\u00e9confinement arrivant, nous ne sommes pas en mesure de vous dire si les cours vont pouvoir reprendre et quand, nous sommes suspendus aux d\u00e9cisions de la mairie et nous ne manquerons pas de vous le faire savoir si \u00e7a reprend au 19 mai ou 9 juin ou autre. <\/p>\n\n\n\n<p>En revanche, nous pr\u00e9voyons d&rsquo;ors et d\u00e9j\u00e0 le <strong>03 juillet, une journ\u00e9e au lyc\u00e9e<\/strong>: portes ouvertes le matin pour tester l&rsquo;escalade petits et grands + <strong>AG le 23 juin<\/strong>!!! Bookez la date et venez nombreux!! <\/p>\n\n\n\n<p>Les pr\u00e9inscriptions de renouvellement se feront \u00e0 partir de d\u00e9but juin (date \u00e0 venir) via le google form habituel. <\/p>\n\n\n\n<p>Nous ouvrirons le google form aux nouveaux adh\u00e9rents apr\u00e8s cette journ\u00e9e du 03\/07.<\/p>\n\n\n\n<figure class=\"wp-block-gallery columns-1 is-cropped wp-block-gallery-1 is-layout-flex wp-block-gallery-is-layout-flex\"><ul class=\"blocks-gallery-grid\"><li class=\"blocks-gallery-item\"><figure><a href=\"http:\/\/www.les3mousquetons.net\/wp-content\/uploads\/2021\/05\/escalade-falaise-2.jpeg\"><img loading=\"lazy\" decoding=\"async\" width=\"1024\" height=\"591\" src=\"http:\/\/www.les3mousquetons.net\/wp-content\/uploads\/2021\/05\/escalade-falaise-2-1024x591.jpeg\" alt=\"\" data-id=\"4146\" data-full-url=\"http:\/\/www.les3mousquetons.net\/wp-content\/uploads\/2021\/05\/escalade-falaise-2.jpeg\" data-link=\"http:\/\/www.les3mousquetons.net\/?attachment_id=4146\" class=\"wp-image-4146\" srcset=\"https:\/\/www.les3mousquetons.net\/wp-content\/uploads\/2021\/05\/escalade-falaise-2-1024x591.jpeg 1024w, https:\/\/www.les3mousquetons.net\/wp-content\/uploads\/2021\/05\/escalade-falaise-2-300x173.jpeg 300w, https:\/\/www.les3mousquetons.net\/wp-content\/uploads\/2021\/05\/escalade-falaise-2-768x443.jpeg 768w, https:\/\/www.les3mousquetons.net\/wp-content\/uploads\/2021\/05\/escalade-falaise-2-1536x886.jpeg 1536w, https:\/\/www.les3mousquetons.net\/wp-content\/uploads\/2021\/05\/escalade-falaise-2.jpeg 1678w\" sizes=\"(max-width: 1024px) 100vw, 1024px\" \/><\/a><\/figure><\/li><\/ul><\/figure>\n\n\n\n<p><\/p>\n","protected":false},"excerpt":{"rendered":"<p>A 2 mois des grandes vacances, il est temps d&rsquo;organiser cette fin d&rsquo;ann\u00e9e! Avant tout, vous avez d\u00fb voir passer le mail de Bertrand pour des sorties falaises \u00e0 partir&hellip;&nbsp;<a href=\"https:\/\/www.les3mousquetons.net\/?p=4143\" class=\"\" rel=\"bookmark\">Lire la suite &raquo;<span class=\"screen-reader-text\">Organisation des activit\u00e9s pour cette fin d&rsquo;ann\u00e9e<\/span><\/a><\/p>\n","protected":false},"author":2,"featured_media":4670,"comment_status":"closed","ping_status":"closed","sticky":false,"template":"","format":"standard","meta":{"neve_meta_sidebar":"","neve_meta_container":"","neve_meta_enable_content_width":"","neve_meta_content_width":0,"neve_meta_title_alignment":"","neve_meta_author_avatar":"","neve_post_elements_order":"","neve_meta_disable_header":"","neve_meta_disable_footer":"","neve_meta_disable_title":"","_themeisle_gutenberg_block_has_review":false,"_ti_tpc_template_sync":false,"_ti_tpc_template_id":"","cybocfi_hide_featured_image":"","footnotes":""},"categories":[33,37,35],"tags":[],"_links":{"self":[{"href":"https:\/\/www.les3mousquetons.net\/index.php?rest_route=\/wp\/v2\/posts\/4143"}],"collection":[{"href":"https:\/\/www.les3mousquetons.net\/index.php?rest_route=\/wp\/v2\/posts"}],"about":[{"href":"https:\/\/www.les3mousquetons.net\/index.php?rest_route=\/wp\/v2\/types\/post"}],"author":[{"embeddable":true,"href":"https:\/\/www.les3mousquetons.net\/index.php?rest_route=\/wp\/v2\/users\/2"}],"replies":[{"embeddable":true,"href":"https:\/\/www.les3mousquetons.net\/index.php?rest_route=%2Fwp%2Fv2%2Fcomments&post=4143"}],"version-history":[{"count":3,"href":"https:\/\/www.les3mousquetons.net\/index.php?rest_route=\/wp\/v2\/posts\/4143\/revisions"}],"predecessor-version":[{"id":4211,"href":"https:\/\/www.les3mousquetons.net\/index.php?rest_route=\/wp\/v2\/posts\/4143\/revisions\/4211"}],"wp:featuredmedia":[{"embeddable":true,"href":"https:\/\/www.les3mousquetons.net\/index.php?rest_route=\/wp\/v2\/media\/4670"}],"wp:attachment":[{"href":"https:\/\/www.les3mousquetons.net\/index.php?rest_route=%2Fwp%2Fv2%2Fmedia&parent=4143"}],"wp:term":[{"taxonomy":"category","embeddable":true,"href":"https:\/\/www.les3mousquetons.net\/index.php?rest_route=%2Fwp%2Fv2%2Fcategories&post=4143"},{"taxonomy":"post_tag","embeddable":true,"href":"https:\/\/www.les3mousquetons.net\/index.php?rest_route=%2Fwp%2Fv2%2Ftags&post=4143"}],"curies":[{"name":"wp","href":"https:\/\/api.w.org\/{rel}","templated":true}]}}