{"id":5096,"date":"2022-02-07T15:35:18","date_gmt":"2022-02-07T14:35:18","guid":{"rendered":"http:\/\/www.les3mousquetons.net\/?p=5096"},"modified":"2022-02-07T15:37:35","modified_gmt":"2022-02-07T14:37:35","slug":"stages-vacances-fevrier","status":"publish","type":"post","link":"https:\/\/www.les3mousquetons.net\/?p=5096","title":{"rendered":"Stages Vacances F\u00e9vrier"},"content":{"rendered":"\n<p>Le club des 3 Mousquetons organise des stages d&rsquo;escalade avec Charl\u00e8ne (BE du club) pour les vacances de f\u00e9vrier aux gymnases du coll\u00e8ge\/lyc\u00e9e (sauf le 24 f\u00e9vrier !!!).<\/p>\n\n\n\n<div class=\"wp-block-image\"><figure class=\"aligncenter size-large\"><a href=\"http:\/\/www.les3mousquetons.net\/wp-content\/uploads\/2022\/02\/Affiche-stage-fevrier-2022.jpg\"><img decoding=\"async\" src=\"http:\/\/www.les3mousquetons.net\/wp-content\/uploads\/2022\/02\/Affiche-stage-fevrier-2022-724x1024.jpg\" alt=\"\" class=\"wp-image-5097\"\/><\/a><\/figure><\/div>\n\n\n\n<p><strong><u>Lien doodle d&rsquo;inscription:<\/u><\/strong><\/p>\n\n\n\n<p><a href=\"https:\/\/doodle.com\/poll\/e7dcy7chkzm5nac9?utm_source=poll&amp;utm_medium=link\" target=\"_blank\" rel=\"noreferrer noopener\">https:\/\/doodle.com\/poll\/e7dcy7chkzm5nac9?utm_source=poll&amp;utm_medium=link<\/a><\/p>\n\n\n\n<p><\/p>\n\n\n\n<p>Le doodle vaut pour inscription pour les 2 jours (ou 3 pour les 6-7 ans) mais elle ne sera d\u00e9finitive qu&rsquo;avec le paiement du stage. Le stage est \u00e0 r\u00e9gler par ch\u00e8que ou esp\u00e8ce dans une enveloppe avec vos noms \u00e0 d\u00e9poser dans les bannettes du club du coll\u00e8ge ou lyc\u00e9e lors des cours. Le paiement ne sera encaiss\u00e9 que si le stage est effectu\u00e9 bien entendu mais il est n\u00e9cessaire pour que l&rsquo;inscription soit correctement prise en compte !\u00a0<br>&#8211; Nombre de participants : 6-7 ans : <strong>10 <\/strong>\/ 8-9 ans : <strong>10<\/strong> \/ 10-11 ans : <strong>10<\/strong> \/ + de 12 ans : <strong>12<\/strong><\/p>\n\n\n\n<p>&#8211; Niveau : Ouvert du d\u00e9butant au confirm\u00e9.<\/p>\n\n\n\n<p>&#8211; Le tarif est de :<br>\u00a0 20 \u20ac les 6-11 ans\u00a0&#8211; 50 \u20ac les 12-18 ans (40 \u20ac stage + 10 \u20ac entr\u00e9e Altissimo).<\/p>\n\n\n\n<p>Remarque : pr\u00e9voir une tenue de sport, de l&rsquo;eau, (et un pique-nique pour les + de 12 ans) par jour<\/p>\n","protected":false},"excerpt":{"rendered":"<p>Le club des 3 Mousquetons organise des stages d&rsquo;escalade avec Charl\u00e8ne (BE du club) pour les vacances de f\u00e9vrier aux gymnases du coll\u00e8ge\/lyc\u00e9e (sauf le 24 f\u00e9vrier !!!). Lien doodle&hellip;&nbsp;<a href=\"https:\/\/www.les3mousquetons.net\/?p=5096\" class=\"\" rel=\"bookmark\">Lire la suite &raquo;<span class=\"screen-reader-text\">Stages Vacances F\u00e9vrier<\/span><\/a><\/p>\n","protected":false},"author":2,"featured_media":5098,"comment_status":"closed","ping_status":"closed","sticky":false,"template":"","format":"standard","meta":{"neve_meta_sidebar":"","neve_meta_container":"","neve_meta_enable_content_width":"","neve_meta_content_width":0,"neve_meta_title_alignment":"","neve_meta_author_avatar":"","neve_post_elements_order":"","neve_meta_disable_header":"","neve_meta_disable_footer":"","neve_meta_disable_title":"","_themeisle_gutenberg_block_has_review":false,"_ti_tpc_template_sync":false,"_ti_tpc_template_id":"","cybocfi_hide_featured_image":"yes","footnotes":""},"categories":[1],"tags":[],"_links":{"self":[{"href":"https:\/\/www.les3mousquetons.net\/index.php?rest_route=\/wp\/v2\/posts\/5096"}],"collection":[{"href":"https:\/\/www.les3mousquetons.net\/index.php?rest_route=\/wp\/v2\/posts"}],"about":[{"href":"https:\/\/www.les3mousquetons.net\/index.php?rest_route=\/wp\/v2\/types\/post"}],"author":[{"embeddable":true,"href":"https:\/\/www.les3mousquetons.net\/index.php?rest_route=\/wp\/v2\/users\/2"}],"replies":[{"embeddable":true,"href":"https:\/\/www.les3mousquetons.net\/index.php?rest_route=%2Fwp%2Fv2%2Fcomments&post=5096"}],"version-history":[{"count":2,"href":"https:\/\/www.les3mousquetons.net\/index.php?rest_route=\/wp\/v2\/posts\/5096\/revisions"}],"predecessor-version":[{"id":5101,"href":"https:\/\/www.les3mousquetons.net\/index.php?rest_route=\/wp\/v2\/posts\/5096\/revisions\/5101"}],"wp:featuredmedia":[{"embeddable":true,"href":"https:\/\/www.les3mousquetons.net\/index.php?rest_route=\/wp\/v2\/media\/5098"}],"wp:attachment":[{"href":"https:\/\/www.les3mousquetons.net\/index.php?rest_route=%2Fwp%2Fv2%2Fmedia&parent=5096"}],"wp:term":[{"taxonomy":"category","embeddable":true,"href":"https:\/\/www.les3mousquetons.net\/index.php?rest_route=%2Fwp%2Fv2%2Fcategories&post=5096"},{"taxonomy":"post_tag","embeddable":true,"href":"https:\/\/www.les3mousquetons.net\/index.php?rest_route=%2Fwp%2Fv2%2Ftags&post=5096"}],"curies":[{"name":"wp","href":"https:\/\/api.w.org\/{rel}","templated":true}]}}